{"id":253,"date":"2020-09-24T12:35:23","date_gmt":"2020-09-24T12:35:23","guid":{"rendered":"http:\/\/finex-preis.de\/?p=253"},"modified":"2020-11-13T09:33:36","modified_gmt":"2020-11-13T09:33:36","slug":"finex-jury-nominiert","status":"publish","type":"post","link":"https:\/\/finex-preis.de\/?p=253","title":{"rendered":"Nominierungen 2020"},"content":{"rendered":"\n<figure class=\"wp-block-image size-large\" id=\"FinEx\"><img fetchpriority=\"high\" decoding=\"async\" width=\"1024\" height=\"576\" src=\"https:\/\/finex-preis.de\/wp-content\/uploads\/2020\/09\/DSC02889-1024x576.jpg\" alt=\"v.l.: Kemal Erdem, Dr. Ilektra Bogner,Sarah Sieber, Dr. Astrid Plenk, Daniela Adomat, Hans-Werner Honert, Stephan Arbabnell, Ilka Brecht \" class=\"wp-image-254\" srcset=\"https:\/\/finex-preis.de\/wp-content\/uploads\/2020\/09\/DSC02889-1024x576.jpg 1024w, https:\/\/finex-preis.de\/wp-content\/uploads\/2020\/09\/DSC02889-300x169.jpg 300w, https:\/\/finex-preis.de\/wp-content\/uploads\/2020\/09\/DSC02889-768x432.jpg 768w, https:\/\/finex-preis.de\/wp-content\/uploads\/2020\/09\/DSC02889-2048x1152.jpg 2048w\" sizes=\"(max-width: 706px) 89vw, (max-width: 767px) 82vw, 740px\" \/><\/figure>\n\n\n\n<p>Die Jury nominierte heute f\u00fcr den FinEx-Preis 2020: <\/p>\n\n\n\n<p id=\"Finex-Preis\">in der Kategorie &#8222;<em>Film<\/em>&#8222;<br>&#8211; <strong>Clemens Brocke<\/strong> f\u00fcr &#8222;Solidarit\u00e4t im Saal&#8220;<br>&#8211; <strong>Lena Challier<\/strong> f\u00fcr &#8222;Plan B&#8220;<br>&#8211; <strong>Jannis Vieting<\/strong> f\u00fcr &#8222;Sie f\u00e4hrt jetzt Fahrstuhl&#8220;<\/p>\n\n\n\n<p>und in der Kategorie &#8222;<em>H\u00f6rst\u00fcck<\/em>&#8222;<br>&#8211; <strong>Paul Kley<\/strong> f\u00fcr &#8222;Realit\u00e4tscheck im M\u00e4rchenland&#8220;<br>&#8211; <strong>Simon Litzkow<\/strong> f\u00fcr &#8222;Immer \u00c4rger mit der Unzul\u00e4nglichkeit&#8220;<br>&#8211; <strong>Jonas Zimmermann<\/strong> f\u00fcr &#8222;Wut&#8220;.<\/p>\n\n\n\n<p>Die Preisverleihung findet am 19.11.2020 im MDR Sendezentrum Leipzig statt und wird live bei mdr.de \u00fcbertragen.  <\/p>\n","protected":false},"excerpt":{"rendered":"<p>Die Jury nominierte heute f\u00fcr den FinEx-Preis 2020: in der Kategorie &#8222;Film&#8222;&#8211; Clemens Brocke f\u00fcr &#8222;Solidarit\u00e4t im Saal&#8220;&#8211; Lena Challier f\u00fcr &#8222;Plan B&#8220;&#8211; Jannis Vieting f\u00fcr &#8222;Sie f\u00e4hrt jetzt Fahrstuhl&#8220; und in der Kategorie &#8222;H\u00f6rst\u00fcck&#8222;&#8211; Paul Kley f\u00fcr &#8222;Realit\u00e4tscheck im M\u00e4rchenland&#8220;&#8211; Simon Litzkow f\u00fcr &#8222;Immer \u00c4rger mit der Unzul\u00e4nglichkeit&#8220;&#8211; Jonas Zimmermann f\u00fcr &#8222;Wut&#8220;. Die Preisverleihung &hellip; <\/p>\n<p class=\"link-more\"><a href=\"https:\/\/finex-preis.de\/?p=253\" class=\"more-link\"><span class=\"screen-reader-text\">\u201eNominierungen 2020\u201c <\/span>weiterlesen<\/a><\/p>\n","protected":false},"author":1,"featured_media":0,"comment_status":"closed","ping_status":"open","sticky":false,"template":"","format":"standard","meta":{"footnotes":""},"categories":[14,12],"tags":[],"class_list":["post-253","post","type-post","status-publish","format-standard","hentry","category-preis_aktuell","category-preis_all"],"_links":{"self":[{"href":"https:\/\/finex-preis.de\/index.php?rest_route=\/wp\/v2\/posts\/253","targetHints":{"allow":["GET"]}}],"collection":[{"href":"https:\/\/finex-preis.de\/index.php?rest_route=\/wp\/v2\/posts"}],"about":[{"href":"https:\/\/finex-preis.de\/index.php?rest_route=\/wp\/v2\/types\/post"}],"author":[{"embeddable":true,"href":"https:\/\/finex-preis.de\/index.php?rest_route=\/wp\/v2\/users\/1"}],"replies":[{"embeddable":true,"href":"https:\/\/finex-preis.de\/index.php?rest_route=%2Fwp%2Fv2%2Fcomments&post=253"}],"version-history":[{"count":10,"href":"https:\/\/finex-preis.de\/index.php?rest_route=\/wp\/v2\/posts\/253\/revisions"}],"predecessor-version":[{"id":267,"href":"https:\/\/finex-preis.de\/index.php?rest_route=\/wp\/v2\/posts\/253\/revisions\/267"}],"wp:attachment":[{"href":"https:\/\/finex-preis.de\/index.php?rest_route=%2Fwp%2Fv2%2Fmedia&parent=253"}],"wp:term":[{"taxonomy":"category","embeddable":true,"href":"https:\/\/finex-preis.de\/index.php?rest_route=%2Fwp%2Fv2%2Fcategories&post=253"},{"taxonomy":"post_tag","embeddable":true,"href":"https:\/\/finex-preis.de\/index.php?rest_route=%2Fwp%2Fv2%2Ftags&post=253"}],"curies":[{"name":"wp","href":"https:\/\/api.w.org\/{rel}","templated":true}]}}