{"id":24,"date":"2017-11-17T13:40:42","date_gmt":"2017-11-17T13:40:42","guid":{"rendered":"http:\/\/finex-preis.de\/?p=24"},"modified":"2020-11-12T09:52:17","modified_gmt":"2020-11-12T09:52:17","slug":"preisvereihung-2017","status":"publish","type":"post","link":"https:\/\/finex-preis.de\/?p=24","title":{"rendered":"Preisverleihung 2017"},"content":{"rendered":"<p>Am 17.11.2017 wurde zum siebten Mal der FinEx-Nachwuchspreis vergeben. In diesem Jahr war die Preisverleihung zu Gast beim rbb in Berlin. Die Schirmherrschaft 2017 hat die rbb-Intendantin Patricia Schlesinger \u00fcbernommen.<\/p>\n<p>Preistr\u00e4ger ist <strong>Volker Klotzsch<\/strong> f\u00fcr seinen Film &#8222;Jetzt bin ich &#8211; ICH&#8220;.<\/p>\n<figure id=\"attachment_25\" aria-describedby=\"caption-attachment-25\" style=\"width: 300px\" class=\"wp-caption alignnone\"><img fetchpriority=\"high\" decoding=\"async\" class=\"size-medium wp-image-25\" src=\"http:\/\/finex-preis.de\/wp-content\/uploads\/2018\/10\/Gratulanten-und-Preistr\u00e4ger-300x200.jpg\" alt=\"\" width=\"300\" height=\"200\" srcset=\"https:\/\/finex-preis.de\/wp-content\/uploads\/2018\/10\/Gratulanten-und-Preistr\u00e4ger-300x200.jpg 300w, https:\/\/finex-preis.de\/wp-content\/uploads\/2018\/10\/Gratulanten-und-Preistr\u00e4ger-768x512.jpg 768w, https:\/\/finex-preis.de\/wp-content\/uploads\/2018\/10\/Gratulanten-und-Preistr\u00e4ger-1024x683.jpg 1024w\" sizes=\"(max-width: 300px) 100vw, 300px\" \/><figcaption id=\"caption-attachment-25\" class=\"wp-caption-text\">FAM-Direktor Tilo Fiebig, rbb-Intendantin Patricia Schlesinger, Preistr\u00e4ger Volker Klotzsch, ARD-Vorsitzende Prof. Dr. Karola Wille, Laudator Kemal Erdem (v.l.)<\/figcaption><\/figure>\n<p>&nbsp;<\/p>\n","protected":false},"excerpt":{"rendered":"<p>Am 17.11.2017 wurde zum siebten Mal der FinEx-Nachwuchspreis vergeben. In diesem Jahr war die Preisverleihung zu Gast beim rbb in Berlin. Die Schirmherrschaft 2017 hat die rbb-Intendantin Patricia Schlesinger \u00fcbernommen. Preistr\u00e4ger ist Volker Klotzsch f\u00fcr seinen Film &#8222;Jetzt bin ich &#8211; ICH&#8220;. &nbsp;<\/p>\n","protected":false},"author":1,"featured_media":0,"comment_status":"open","ping_status":"open","sticky":false,"template":"","format":"standard","meta":{"footnotes":""},"categories":[12,13],"tags":[],"class_list":["post-24","post","type-post","status-publish","format-standard","hentry","category-preis_all","category-preis_alt"],"_links":{"self":[{"href":"https:\/\/finex-preis.de\/index.php?rest_route=\/wp\/v2\/posts\/24","targetHints":{"allow":["GET"]}}],"collection":[{"href":"https:\/\/finex-preis.de\/index.php?rest_route=\/wp\/v2\/posts"}],"about":[{"href":"https:\/\/finex-preis.de\/index.php?rest_route=\/wp\/v2\/types\/post"}],"author":[{"embeddable":true,"href":"https:\/\/finex-preis.de\/index.php?rest_route=\/wp\/v2\/users\/1"}],"replies":[{"embeddable":true,"href":"https:\/\/finex-preis.de\/index.php?rest_route=%2Fwp%2Fv2%2Fcomments&post=24"}],"version-history":[{"count":4,"href":"https:\/\/finex-preis.de\/index.php?rest_route=\/wp\/v2\/posts\/24\/revisions"}],"predecessor-version":[{"id":351,"href":"https:\/\/finex-preis.de\/index.php?rest_route=\/wp\/v2\/posts\/24\/revisions\/351"}],"wp:attachment":[{"href":"https:\/\/finex-preis.de\/index.php?rest_route=%2Fwp%2Fv2%2Fmedia&parent=24"}],"wp:term":[{"taxonomy":"category","embeddable":true,"href":"https:\/\/finex-preis.de\/index.php?rest_route=%2Fwp%2Fv2%2Fcategories&post=24"},{"taxonomy":"post_tag","embeddable":true,"href":"https:\/\/finex-preis.de\/index.php?rest_route=%2Fwp%2Fv2%2Ftags&post=24"}],"curies":[{"name":"wp","href":"https:\/\/api.w.org\/{rel}","templated":true}]}}