{"id":202,"date":"2019-09-13T08:09:35","date_gmt":"2019-09-13T08:09:35","guid":{"rendered":"http:\/\/finex-preis.de\/?p=202"},"modified":"2020-11-12T09:56:52","modified_gmt":"2020-11-12T09:56:52","slug":"finex-jury-tagte","status":"publish","type":"post","link":"https:\/\/finex-preis.de\/?p=202","title":{"rendered":"FINEX-Jury tagte"},"content":{"rendered":"\n<p>Die Jury tagte in Vorbereitung der FINEX-Preis-Verleihung in der FAM und w\u00e4hlte die diesj\u00e4hrigen Preistr\u00e4ger aus den vielen Einreichungen aus der ganzen Republik aus. <\/p>\n\n\n\n<figure class=\"wp-block-image\"><img fetchpriority=\"high\" decoding=\"async\" width=\"1024\" height=\"683\" src=\"https:\/\/finex-preis.de\/wp-content\/uploads\/2019\/09\/Finex_Jury-3710-1024x683.jpg\" alt=\"\" class=\"wp-image-203\" srcset=\"https:\/\/finex-preis.de\/wp-content\/uploads\/2019\/09\/Finex_Jury-3710-1024x683.jpg 1024w, https:\/\/finex-preis.de\/wp-content\/uploads\/2019\/09\/Finex_Jury-3710-300x200.jpg 300w, https:\/\/finex-preis.de\/wp-content\/uploads\/2019\/09\/Finex_Jury-3710-768x512.jpg 768w\" sizes=\"(max-width: 706px) 89vw, (max-width: 767px) 82vw, 740px\" \/><figcaption>Ilektra Bogner, Stephan Abarbanell, Prof. Dr. Uwe Kulisch, Kemal Erdem, Daniala Adomat, Boris Lochthofen, Sarah Sieber, Hans-Werner Honert (v.l.n.r.)<\/figcaption><\/figure>\n","protected":false},"excerpt":{"rendered":"<p>Die Jury tagte in Vorbereitung der FINEX-Preis-Verleihung in der FAM und w\u00e4hlte die diesj\u00e4hrigen Preistr\u00e4ger aus den vielen Einreichungen aus der ganzen Republik aus.<\/p>\n","protected":false},"author":1,"featured_media":0,"comment_status":"closed","ping_status":"open","sticky":false,"template":"","format":"standard","meta":{"footnotes":""},"categories":[12,13],"tags":[],"class_list":["post-202","post","type-post","status-publish","format-standard","hentry","category-preis_all","category-preis_alt"],"_links":{"self":[{"href":"https:\/\/finex-preis.de\/index.php?rest_route=\/wp\/v2\/posts\/202","targetHints":{"allow":["GET"]}}],"collection":[{"href":"https:\/\/finex-preis.de\/index.php?rest_route=\/wp\/v2\/posts"}],"about":[{"href":"https:\/\/finex-preis.de\/index.php?rest_route=\/wp\/v2\/types\/post"}],"author":[{"embeddable":true,"href":"https:\/\/finex-preis.de\/index.php?rest_route=\/wp\/v2\/users\/1"}],"replies":[{"embeddable":true,"href":"https:\/\/finex-preis.de\/index.php?rest_route=%2Fwp%2Fv2%2Fcomments&post=202"}],"version-history":[{"count":1,"href":"https:\/\/finex-preis.de\/index.php?rest_route=\/wp\/v2\/posts\/202\/revisions"}],"predecessor-version":[{"id":204,"href":"https:\/\/finex-preis.de\/index.php?rest_route=\/wp\/v2\/posts\/202\/revisions\/204"}],"wp:attachment":[{"href":"https:\/\/finex-preis.de\/index.php?rest_route=%2Fwp%2Fv2%2Fmedia&parent=202"}],"wp:term":[{"taxonomy":"category","embeddable":true,"href":"https:\/\/finex-preis.de\/index.php?rest_route=%2Fwp%2Fv2%2Fcategories&post=202"},{"taxonomy":"post_tag","embeddable":true,"href":"https:\/\/finex-preis.de\/index.php?rest_route=%2Fwp%2Fv2%2Ftags&post=202"}],"curies":[{"name":"wp","href":"https:\/\/api.w.org\/{rel}","templated":true}]}}